{"id":773,"date":"2025-11-24T10:37:25","date_gmt":"2025-11-24T10:37:25","guid":{"rendered":"https:\/\/bgreenly.org\/?p=773"},"modified":"2025-11-24T10:41:22","modified_gmt":"2025-11-24T10:41:22","slug":"gala-valores-del-deporte-in-its-8th-edition-certified-as-a-sustainable-event-by-b-greenly","status":"publish","type":"post","link":"https:\/\/bgreenly.org\/es\/blog\/gala-valores-del-deporte-en-su-viii-edicion-certificada-como-evento-sostenible-por-b-greenly","title":{"rendered":"Gala Valores del Deporte, en su VIII edici\u00f3n, certificada como evento sostenible por B Greenly."},"content":{"rendered":"<p>El Comit\u00e9 Ol\u00edmpico Espa\u00f1ol acogi\u00f3 en su sede la ceremonia organizada por <a href=\"https:\/\/www.sport.es\/es\/style\/espiritu-olimpico-sh\/index.html\">DEPORTE<\/a>, que reconoci\u00f3 a figuras como Messi y los hermanos Marc y \u00c1lex M\u00e1rquez por su capacidad de trascender m\u00e1s all\u00e1 de las victorias.<\/p>\n\n\n\n<p>El evento, que reuni\u00f3 a las m\u00e1s altas instituciones del deporte, homenaje\u00f3 a una selecci\u00f3n de personas que encarnan los valores que transforman vidas a trav\u00e9s de competiciones en las que destacan gracias a su forma \u00fanica de estar en el mundo.<\/p>\n\n\n\n<p>Enhorabuena a: Iris Ti\u00f3 y Dennis Gonz\u00e1lez, oro mundial en nataci\u00f3n art\u00edstica; el arquero Andr\u00e9s Temi\u00f1o, que se impuso a los favoritos surcoreanos en su propia cancha; los motociclistas Marc y \u00c1lex M\u00e1rquez, campe\u00f3n y subcampe\u00f3n mundial de la misma familia; la leyenda del waterpolo Jennifer Pareja; el alpinista Carlos Soria, el escalador de mayor edad en coronar un ochomil; el campe\u00f3n mundial e icono del Bar\u00e7a Leo Messi; el seleccionador nacional Roberto Mart\u00ednez, que aspira a llevar a Portugal a su primer t\u00edtulo mundial; y la marchadora Mar\u00eda P\u00e9rez, la mejor deportista espa\u00f1ola de la historia.<\/p>\n\n\n\n<p><\/p>\n\n\n\n<p>Leer m\u00e1s:<\/p>\n\n\n\n<p><a href=\"https:\/\/www.sport.es\/es\/style\/espiritu-olimpico-sh\/index.html\"><strong>https:\/\/www.sport.es\/es\/style\/espiritu-olimpico-sh\/index.html<\/strong><\/a><\/p>\n\n\n\n<p><a href=\"https:\/\/www.sport.es\/es\/deportes\/gala-valores-deporte-2025-sh\/index.html\"><strong>https:\/\/www.sport.es\/es\/deportes\/gala-valores-deporte-2025-sh\/index.html<\/strong><\/a><\/p>\n\n\n\n<p>\u00bfBuscas hacer de tu evento o recinto una experiencia sostenible?\u00a0<a href=\"https:\/\/bgreenly.org\/es\/sobre-nosotros\/\"><strong>Cont\u00e1ctanos.<\/strong><\/a><\/p>\n\n\n\n<div style=\"height:47px\" aria-hidden=\"true\" class=\"wp-block-spacer\"><\/div>\n\n\n\n<figure class=\"wp-block-image size-large\"><img decoding=\"async\" width=\"1024\" height=\"1024\" src=\"https:\/\/bgreenly.org\/wp-content\/uploads\/2025\/11\/251119spo_dani-barbeito_227286156-1-1080x1080-1-1024x1024.jpg\" alt=\"\" class=\"wp-image-776\" srcset=\"https:\/\/bgreenly.org\/wp-content\/uploads\/2025\/11\/251119spo_dani-barbeito_227286156-1-1080x1080-1-1024x1024.jpg 1024w, https:\/\/bgreenly.org\/wp-content\/uploads\/2025\/11\/251119spo_dani-barbeito_227286156-1-1080x1080-1-300x300.jpg 300w, https:\/\/bgreenly.org\/wp-content\/uploads\/2025\/11\/251119spo_dani-barbeito_227286156-1-1080x1080-1-150x150.jpg 150w, https:\/\/bgreenly.org\/wp-content\/uploads\/2025\/11\/251119spo_dani-barbeito_227286156-1-1080x1080-1-768x768.jpg 768w, https:\/\/bgreenly.org\/wp-content\/uploads\/2025\/11\/251119spo_dani-barbeito_227286156-1-1080x1080-1-12x12.jpg 12w, https:\/\/bgreenly.org\/wp-content\/uploads\/2025\/11\/251119spo_dani-barbeito_227286156-1-1080x1080-1.jpg 1080w\" sizes=\"(max-width: 1024px) 100vw, 1024px\" \/><\/figure>\n\n\n\n<figure class=\"wp-block-image size-large\"><img decoding=\"async\" width=\"1024\" height=\"576\" src=\"https:\/\/bgreenly.org\/wp-content\/uploads\/2025\/11\/01ef42ad-0088-438e-bd41-089998fb5c6f_16-9-discover-aspect-ratio_default_0-1024x576.jpg\" alt=\"\" class=\"wp-image-777\" srcset=\"https:\/\/bgreenly.org\/wp-content\/uploads\/2025\/11\/01ef42ad-0088-438e-bd41-089998fb5c6f_16-9-discover-aspect-ratio_default_0-1024x576.jpg 1024w, https:\/\/bgreenly.org\/wp-content\/uploads\/2025\/11\/01ef42ad-0088-438e-bd41-089998fb5c6f_16-9-discover-aspect-ratio_default_0-300x169.jpg 300w, https:\/\/bgreenly.org\/wp-content\/uploads\/2025\/11\/01ef42ad-0088-438e-bd41-089998fb5c6f_16-9-discover-aspect-ratio_default_0-768x432.jpg 768w, https:\/\/bgreenly.org\/wp-content\/uploads\/2025\/11\/01ef42ad-0088-438e-bd41-089998fb5c6f_16-9-discover-aspect-ratio_default_0-18x10.jpg 18w, https:\/\/bgreenly.org\/wp-content\/uploads\/2025\/11\/01ef42ad-0088-438e-bd41-089998fb5c6f_16-9-discover-aspect-ratio_default_0.jpg 1200w\" sizes=\"(max-width: 1024px) 100vw, 1024px\" \/><\/figure>","protected":false},"excerpt":{"rendered":"<p>El Comit\u00e9 Ol\u00edmpico Espa\u00f1ol acogi\u00f3 en su sede la ceremonia organizada por SPORT, que reconoci\u00f3 a figuras como Messi y los hermanos Marc y \u00c1lex M\u00e1rquez por su capacidad de trascender m\u00e1s all\u00e1 de las victorias. El evento, que reuni\u00f3 a las m\u00e1s altas instituciones del deporte, honr\u00f3 a una selecci\u00f3n de personas que encarnan los valores que transforman vidas a trav\u00e9s de [\u2026]<\/p>","protected":false},"author":2,"featured_media":775,"comment_status":"closed","ping_status":"closed","sticky":false,"template":"","format":"standard","meta":{"_acf_changed":false,"footnotes":""},"categories":[5],"tags":[],"class_list":["post-773","post","type-post","status-publish","format-standard","has-post-thumbnail","hentry","category-events"],"acf":[],"yoast_head":"<!-- This site is optimized with the Yoast SEO plugin v26.3 - https:\/\/yoast.com\/wordpress\/plugins\/seo\/ -->\n<title>Gala Valores del Deporte, in its 8th edition, certified as a sustainable event by B Greenly. - B Greenly<\/title>\n<meta name=\"description\" content=\"The Spanish Olympic Committee hosted at its headquarters the ceremony organized by SPORT, which recognized figures such as Messi and brothers Marc and\" \/>\n<meta name=\"robots\" content=\"index, follow, max-snippet:-1, max-image-preview:large, max-video-preview:-1\" \/>\n<link rel=\"canonical\" href=\"https:\/\/bgreenly.org\/es\/blog\/gala-valores-del-deporte-en-su-viii-edicion-certificada-como-evento-sostenible-por-b-greenly\" \/>\n<meta property=\"og:locale\" content=\"es_ES\" \/>\n<meta property=\"og:type\" content=\"article\" \/>\n<meta property=\"og:title\" content=\"Gala Valores del Deporte, in its 8th edition, certified as a sustainable event by B Greenly. - B Greenly\" \/>\n<meta property=\"og:description\" content=\"The Spanish Olympic Committee hosted at its headquarters the ceremony organized by SPORT, which recognized figures such as Messi and brothers Marc and\" \/>\n<meta property=\"og:url\" content=\"https:\/\/bgreenly.org\/es\/blog\/gala-valores-del-deporte-en-su-viii-edicion-certificada-como-evento-sostenible-por-b-greenly\" \/>\n<meta property=\"og:site_name\" content=\"B Greenly\" \/>\n<meta property=\"article:published_time\" content=\"2025-11-24T10:37:25+00:00\" \/>\n<meta property=\"article:modified_time\" content=\"2025-11-24T10:41:22+00:00\" \/>\n<meta property=\"og:image\" content=\"https:\/\/bgreenly.org\/wp-content\/uploads\/2025\/11\/Sport.jpg\" \/>\n\t<meta property=\"og:image:width\" content=\"1000\" \/>\n\t<meta property=\"og:image:height\" content=\"666\" \/>\n\t<meta property=\"og:image:type\" content=\"image\/jpeg\" \/>\n<meta name=\"author\" content=\"vicente\" \/>\n<meta name=\"twitter:card\" content=\"summary_large_image\" \/>\n<meta name=\"twitter:label1\" content=\"Escrito por\" \/>\n\t<meta name=\"twitter:data1\" content=\"vicente\" \/>\n\t<meta name=\"twitter:label2\" content=\"Tiempo de lectura\" \/>\n\t<meta name=\"twitter:data2\" content=\"2 minutos\" \/>\n<script type=\"application\/ld+json\" class=\"yoast-schema-graph\">{\"@context\":\"https:\/\/schema.org\",\"@graph\":[{\"@type\":\"Article\",\"@id\":\"https:\/\/bgreenly.org\/blog\/gala-valores-del-deporte-in-its-8th-edition-certified-as-a-sustainable-event-by-b-greenly#article\",\"isPartOf\":{\"@id\":\"https:\/\/bgreenly.org\/blog\/gala-valores-del-deporte-in-its-8th-edition-certified-as-a-sustainable-event-by-b-greenly\"},\"author\":{\"name\":\"vicente\",\"@id\":\"https:\/\/bgreenly.org\/#\/schema\/person\/8e035c30f355e62e440fac4f230771ba\"},\"headline\":\"Gala Valores del Deporte, in its 8th edition, certified as a sustainable event by B Greenly.\",\"datePublished\":\"2025-11-24T10:37:25+00:00\",\"dateModified\":\"2025-11-24T10:41:22+00:00\",\"mainEntityOfPage\":{\"@id\":\"https:\/\/bgreenly.org\/blog\/gala-valores-del-deporte-in-its-8th-edition-certified-as-a-sustainable-event-by-b-greenly\"},\"wordCount\":221,\"publisher\":{\"@id\":\"https:\/\/bgreenly.org\/#organization\"},\"image\":{\"@id\":\"https:\/\/bgreenly.org\/blog\/gala-valores-del-deporte-in-its-8th-edition-certified-as-a-sustainable-event-by-b-greenly#primaryimage\"},\"thumbnailUrl\":\"https:\/\/bgreenly.org\/wp-content\/uploads\/2025\/11\/Sport.jpg\",\"articleSection\":[\"Events\"],\"inLanguage\":\"es\"},{\"@type\":\"WebPage\",\"@id\":\"https:\/\/bgreenly.org\/blog\/gala-valores-del-deporte-in-its-8th-edition-certified-as-a-sustainable-event-by-b-greenly\",\"url\":\"https:\/\/bgreenly.org\/blog\/gala-valores-del-deporte-in-its-8th-edition-certified-as-a-sustainable-event-by-b-greenly\",\"name\":\"Gala Valores del Deporte, in its 8th edition, certified as a sustainable event by B Greenly. - B Greenly\",\"isPartOf\":{\"@id\":\"https:\/\/bgreenly.org\/#website\"},\"primaryImageOfPage\":{\"@id\":\"https:\/\/bgreenly.org\/blog\/gala-valores-del-deporte-in-its-8th-edition-certified-as-a-sustainable-event-by-b-greenly#primaryimage\"},\"image\":{\"@id\":\"https:\/\/bgreenly.org\/blog\/gala-valores-del-deporte-in-its-8th-edition-certified-as-a-sustainable-event-by-b-greenly#primaryimage\"},\"thumbnailUrl\":\"https:\/\/bgreenly.org\/wp-content\/uploads\/2025\/11\/Sport.jpg\",\"datePublished\":\"2025-11-24T10:37:25+00:00\",\"dateModified\":\"2025-11-24T10:41:22+00:00\",\"description\":\"The Spanish Olympic Committee hosted at its headquarters the ceremony organized by SPORT, which recognized figures such as Messi and brothers Marc and\",\"breadcrumb\":{\"@id\":\"https:\/\/bgreenly.org\/blog\/gala-valores-del-deporte-in-its-8th-edition-certified-as-a-sustainable-event-by-b-greenly#breadcrumb\"},\"inLanguage\":\"es\",\"potentialAction\":[{\"@type\":\"ReadAction\",\"target\":[\"https:\/\/bgreenly.org\/blog\/gala-valores-del-deporte-in-its-8th-edition-certified-as-a-sustainable-event-by-b-greenly\"]}]},{\"@type\":\"ImageObject\",\"inLanguage\":\"es\",\"@id\":\"https:\/\/bgreenly.org\/blog\/gala-valores-del-deporte-in-its-8th-edition-certified-as-a-sustainable-event-by-b-greenly#primaryimage\",\"url\":\"https:\/\/bgreenly.org\/wp-content\/uploads\/2025\/11\/Sport.jpg\",\"contentUrl\":\"https:\/\/bgreenly.org\/wp-content\/uploads\/2025\/11\/Sport.jpg\",\"width\":1000,\"height\":666,\"caption\":\"Gala Valores del deporte\"},{\"@type\":\"BreadcrumbList\",\"@id\":\"https:\/\/bgreenly.org\/blog\/gala-valores-del-deporte-in-its-8th-edition-certified-as-a-sustainable-event-by-b-greenly#breadcrumb\",\"itemListElement\":[{\"@type\":\"ListItem\",\"position\":1,\"name\":\"Portada\",\"item\":\"https:\/\/bgreenly.org\/\"},{\"@type\":\"ListItem\",\"position\":2,\"name\":\"Gala Valores del Deporte, in its 8th edition, certified as a sustainable event by B Greenly.\"}]},{\"@type\":\"WebSite\",\"@id\":\"https:\/\/bgreenly.org\/#website\",\"url\":\"https:\/\/bgreenly.org\/\",\"name\":\"B Greenly\",\"description\":\"Sustainability certification for events and venues \u2014 B Greenly\",\"publisher\":{\"@id\":\"https:\/\/bgreenly.org\/#organization\"},\"potentialAction\":[{\"@type\":\"SearchAction\",\"target\":{\"@type\":\"EntryPoint\",\"urlTemplate\":\"https:\/\/bgreenly.org\/?s={search_term_string}\"},\"query-input\":{\"@type\":\"PropertyValueSpecification\",\"valueRequired\":true,\"valueName\":\"search_term_string\"}}],\"inLanguage\":\"es\"},{\"@type\":\"Organization\",\"@id\":\"https:\/\/bgreenly.org\/#organization\",\"name\":\"B Greenly\",\"url\":\"https:\/\/bgreenly.org\/\",\"logo\":{\"@type\":\"ImageObject\",\"inLanguage\":\"es\",\"@id\":\"https:\/\/bgreenly.org\/#\/schema\/logo\/image\/\",\"url\":\"https:\/\/bgreenly.org\/wp-content\/uploads\/2025\/05\/Logo-BGreenly.svg\",\"contentUrl\":\"https:\/\/bgreenly.org\/wp-content\/uploads\/2025\/05\/Logo-BGreenly.svg\",\"width\":863,\"height\":278,\"caption\":\"B Greenly\"},\"image\":{\"@id\":\"https:\/\/bgreenly.org\/#\/schema\/logo\/image\/\"},\"sameAs\":[\"https:\/\/www.instagram.com\/bgreenly.certificate\/\",\"https:\/\/www.linkedin.com\/company\/b-greenly\"]},{\"@type\":\"Person\",\"@id\":\"https:\/\/bgreenly.org\/#\/schema\/person\/8e035c30f355e62e440fac4f230771ba\",\"name\":\"vicente\",\"image\":{\"@type\":\"ImageObject\",\"inLanguage\":\"es\",\"@id\":\"https:\/\/bgreenly.org\/#\/schema\/person\/image\/\",\"url\":\"https:\/\/secure.gravatar.com\/avatar\/58b572c902f3f105b51d3d4d3e591c893e24e2e815d0d0fb9bbffbf49a653b06?s=96&d=mm&r=g\",\"contentUrl\":\"https:\/\/secure.gravatar.com\/avatar\/58b572c902f3f105b51d3d4d3e591c893e24e2e815d0d0fb9bbffbf49a653b06?s=96&d=mm&r=g\",\"caption\":\"vicente\"}}]}<\/script>\n<!-- \/ Yoast SEO plugin. -->","yoast_head_json":{"title":"Gala Valores del Deporte, in its 8th edition, certified as a sustainable event by B Greenly. - B Greenly","description":"The Spanish Olympic Committee hosted at its headquarters the ceremony organized by SPORT, which recognized figures such as Messi and brothers Marc and","robots":{"index":"index","follow":"follow","max-snippet":"max-snippet:-1","max-image-preview":"max-image-preview:large","max-video-preview":"max-video-preview:-1"},"canonical":"https:\/\/bgreenly.org\/es\/blog\/gala-valores-del-deporte-en-su-viii-edicion-certificada-como-evento-sostenible-por-b-greenly","og_locale":"es_ES","og_type":"article","og_title":"Gala Valores del Deporte, in its 8th edition, certified as a sustainable event by B Greenly. - B Greenly","og_description":"The Spanish Olympic Committee hosted at its headquarters the ceremony organized by SPORT, which recognized figures such as Messi and brothers Marc and","og_url":"https:\/\/bgreenly.org\/es\/blog\/gala-valores-del-deporte-en-su-viii-edicion-certificada-como-evento-sostenible-por-b-greenly","og_site_name":"B Greenly","article_published_time":"2025-11-24T10:37:25+00:00","article_modified_time":"2025-11-24T10:41:22+00:00","og_image":[{"width":1000,"height":666,"url":"https:\/\/bgreenly.org\/wp-content\/uploads\/2025\/11\/Sport.jpg","type":"image\/jpeg"}],"author":"vicente","twitter_card":"summary_large_image","twitter_misc":{"Escrito por":"vicente","Tiempo de lectura":"2 minutos"},"schema":{"@context":"https:\/\/schema.org","@graph":[{"@type":"Article","@id":"https:\/\/bgreenly.org\/blog\/gala-valores-del-deporte-in-its-8th-edition-certified-as-a-sustainable-event-by-b-greenly#article","isPartOf":{"@id":"https:\/\/bgreenly.org\/blog\/gala-valores-del-deporte-in-its-8th-edition-certified-as-a-sustainable-event-by-b-greenly"},"author":{"name":"vicente","@id":"https:\/\/bgreenly.org\/#\/schema\/person\/8e035c30f355e62e440fac4f230771ba"},"headline":"Gala Valores del Deporte, in its 8th edition, certified as a sustainable event by B Greenly.","datePublished":"2025-11-24T10:37:25+00:00","dateModified":"2025-11-24T10:41:22+00:00","mainEntityOfPage":{"@id":"https:\/\/bgreenly.org\/blog\/gala-valores-del-deporte-in-its-8th-edition-certified-as-a-sustainable-event-by-b-greenly"},"wordCount":221,"publisher":{"@id":"https:\/\/bgreenly.org\/#organization"},"image":{"@id":"https:\/\/bgreenly.org\/blog\/gala-valores-del-deporte-in-its-8th-edition-certified-as-a-sustainable-event-by-b-greenly#primaryimage"},"thumbnailUrl":"https:\/\/bgreenly.org\/wp-content\/uploads\/2025\/11\/Sport.jpg","articleSection":["Events"],"inLanguage":"es"},{"@type":"WebPage","@id":"https:\/\/bgreenly.org\/blog\/gala-valores-del-deporte-in-its-8th-edition-certified-as-a-sustainable-event-by-b-greenly","url":"https:\/\/bgreenly.org\/blog\/gala-valores-del-deporte-in-its-8th-edition-certified-as-a-sustainable-event-by-b-greenly","name":"Gala Valores del Deporte, in its 8th edition, certified as a sustainable event by B Greenly. - B Greenly","isPartOf":{"@id":"https:\/\/bgreenly.org\/#website"},"primaryImageOfPage":{"@id":"https:\/\/bgreenly.org\/blog\/gala-valores-del-deporte-in-its-8th-edition-certified-as-a-sustainable-event-by-b-greenly#primaryimage"},"image":{"@id":"https:\/\/bgreenly.org\/blog\/gala-valores-del-deporte-in-its-8th-edition-certified-as-a-sustainable-event-by-b-greenly#primaryimage"},"thumbnailUrl":"https:\/\/bgreenly.org\/wp-content\/uploads\/2025\/11\/Sport.jpg","datePublished":"2025-11-24T10:37:25+00:00","dateModified":"2025-11-24T10:41:22+00:00","description":"The Spanish Olympic Committee hosted at its headquarters the ceremony organized by SPORT, which recognized figures such as Messi and brothers Marc and","breadcrumb":{"@id":"https:\/\/bgreenly.org\/blog\/gala-valores-del-deporte-in-its-8th-edition-certified-as-a-sustainable-event-by-b-greenly#breadcrumb"},"inLanguage":"es","potentialAction":[{"@type":"ReadAction","target":["https:\/\/bgreenly.org\/blog\/gala-valores-del-deporte-in-its-8th-edition-certified-as-a-sustainable-event-by-b-greenly"]}]},{"@type":"ImageObject","inLanguage":"es","@id":"https:\/\/bgreenly.org\/blog\/gala-valores-del-deporte-in-its-8th-edition-certified-as-a-sustainable-event-by-b-greenly#primaryimage","url":"https:\/\/bgreenly.org\/wp-content\/uploads\/2025\/11\/Sport.jpg","contentUrl":"https:\/\/bgreenly.org\/wp-content\/uploads\/2025\/11\/Sport.jpg","width":1000,"height":666,"caption":"Gala Valores del deporte"},{"@type":"BreadcrumbList","@id":"https:\/\/bgreenly.org\/blog\/gala-valores-del-deporte-in-its-8th-edition-certified-as-a-sustainable-event-by-b-greenly#breadcrumb","itemListElement":[{"@type":"ListItem","position":1,"name":"Portada","item":"https:\/\/bgreenly.org\/"},{"@type":"ListItem","position":2,"name":"Gala Valores del Deporte, in its 8th edition, certified as a sustainable event by B Greenly."}]},{"@type":"WebSite","@id":"https:\/\/bgreenly.org\/#website","url":"https:\/\/bgreenly.org\/","name":"B Greenly","description":"Sustainability certification for events and venues \u2014 B Greenly","publisher":{"@id":"https:\/\/bgreenly.org\/#organization"},"potentialAction":[{"@type":"SearchAction","target":{"@type":"EntryPoint","urlTemplate":"https:\/\/bgreenly.org\/?s={search_term_string}"},"query-input":{"@type":"PropertyValueSpecification","valueRequired":true,"valueName":"search_term_string"}}],"inLanguage":"es"},{"@type":"Organization","@id":"https:\/\/bgreenly.org\/#organization","name":"B Greenly","url":"https:\/\/bgreenly.org\/","logo":{"@type":"ImageObject","inLanguage":"es","@id":"https:\/\/bgreenly.org\/#\/schema\/logo\/image\/","url":"https:\/\/bgreenly.org\/wp-content\/uploads\/2025\/05\/Logo-BGreenly.svg","contentUrl":"https:\/\/bgreenly.org\/wp-content\/uploads\/2025\/05\/Logo-BGreenly.svg","width":863,"height":278,"caption":"B Greenly"},"image":{"@id":"https:\/\/bgreenly.org\/#\/schema\/logo\/image\/"},"sameAs":["https:\/\/www.instagram.com\/bgreenly.certificate\/","https:\/\/www.linkedin.com\/company\/b-greenly"]},{"@type":"Person","@id":"https:\/\/bgreenly.org\/#\/schema\/person\/8e035c30f355e62e440fac4f230771ba","name":"vicente","image":{"@type":"ImageObject","inLanguage":"es","@id":"https:\/\/bgreenly.org\/#\/schema\/person\/image\/","url":"https:\/\/secure.gravatar.com\/avatar\/58b572c902f3f105b51d3d4d3e591c893e24e2e815d0d0fb9bbffbf49a653b06?s=96&d=mm&r=g","contentUrl":"https:\/\/secure.gravatar.com\/avatar\/58b572c902f3f105b51d3d4d3e591c893e24e2e815d0d0fb9bbffbf49a653b06?s=96&d=mm&r=g","caption":"vicente"}}]}},"_links":{"self":[{"href":"https:\/\/bgreenly.org\/es\/wp-json\/wp\/v2\/posts\/773","targetHints":{"allow":["GET"]}}],"collection":[{"href":"https:\/\/bgreenly.org\/es\/wp-json\/wp\/v2\/posts"}],"about":[{"href":"https:\/\/bgreenly.org\/es\/wp-json\/wp\/v2\/types\/post"}],"author":[{"embeddable":true,"href":"https:\/\/bgreenly.org\/es\/wp-json\/wp\/v2\/users\/2"}],"replies":[{"embeddable":true,"href":"https:\/\/bgreenly.org\/es\/wp-json\/wp\/v2\/comments?post=773"}],"version-history":[{"count":3,"href":"https:\/\/bgreenly.org\/es\/wp-json\/wp\/v2\/posts\/773\/revisions"}],"predecessor-version":[{"id":779,"href":"https:\/\/bgreenly.org\/es\/wp-json\/wp\/v2\/posts\/773\/revisions\/779"}],"wp:featuredmedia":[{"embeddable":true,"href":"https:\/\/bgreenly.org\/es\/wp-json\/wp\/v2\/media\/775"}],"wp:attachment":[{"href":"https:\/\/bgreenly.org\/es\/wp-json\/wp\/v2\/media?parent=773"}],"wp:term":[{"taxonomy":"category","embeddable":true,"href":"https:\/\/bgreenly.org\/es\/wp-json\/wp\/v2\/categories?post=773"},{"taxonomy":"post_tag","embeddable":true,"href":"https:\/\/bgreenly.org\/es\/wp-json\/wp\/v2\/tags?post=773"}],"curies":[{"name":"wp","href":"https:\/\/api.w.org\/{rel}","templated":true}]}}